{"id":86,"date":"2018-03-15T15:49:10","date_gmt":"2018-03-15T14:49:10","guid":{"rendered":"http:\/\/skarlen.se\/elit\/?p=86"},"modified":"2018-03-15T15:49:10","modified_gmt":"2018-03-15T14:49:10","slug":"varen-ar-pa-g","status":"publish","type":"post","link":"https:\/\/skarlen.se\/elit\/2018\/03\/15\/varen-ar-pa-g\/","title":{"rendered":"V\u00e5ren \u00e4r p\u00e5 g"},"content":{"rendered":"<p>Vi g\u00f6r v\u00e5ra f\u00f6rberedelser s\u00e5 en service och byte av lite delar p\u00e5 martins cykel hoss grabbarna p\u00e5 <a href=\"https:\/\/www.cykelcenter.eu\">cykelcenter i s\u00f6dert\u00e4lje.<\/a> F\u00f6r mig var det till att l\u00e4mna in ramen f\u00f6r koll och d\u00e4r h\u00e4nder det roliga saker.<\/p>\n<p>Mer kul blir det d\u00e5 jag ska ner m\u00e5nga g\u00e5nger fram \u00f6ver.<\/p>\n<p>Bilderna nedan \u00e4r fr\u00e5n n\u00e4r jag var p\u00e5 bes\u00f6k senast i s\u00f6dert\u00e4lje.<\/p>\n<p><img loading=\"lazy\" decoding=\"async\" src=\"https:\/\/skarlen.se\/elit\/files\/2018\/03\/20180314_1607392108954335.jpg\" class=\"alignnone wp-image-84 size-full\" width=\"1836\" height=\"3264\" srcset=\"https:\/\/skarlen.se\/elit\/files\/2018\/03\/20180314_1607392108954335.jpg 1836w, https:\/\/skarlen.se\/elit\/files\/2018\/03\/20180314_1607392108954335-169x300.jpg 169w, https:\/\/skarlen.se\/elit\/files\/2018\/03\/20180314_1607392108954335-768x1365.jpg 768w, https:\/\/skarlen.se\/elit\/files\/2018\/03\/20180314_1607392108954335-576x1024.jpg 576w, https:\/\/skarlen.se\/elit\/files\/2018\/03\/20180314_1607392108954335-1240x2204.jpg 1240w, https:\/\/skarlen.se\/elit\/files\/2018\/03\/20180314_1607392108954335-508x903.jpg 508w\" sizes=\"(max-width: 1836px) 100vw, 1836px\" \/><\/p>\n<p><img loading=\"lazy\" decoding=\"async\" src=\"https:\/\/skarlen.se\/elit\/files\/2018\/03\/20180314_1448521200818958.jpg\" class=\"alignnone size-full wp-image-83\" width=\"3000\" height=\"1688\" srcset=\"https:\/\/skarlen.se\/elit\/files\/2018\/03\/20180314_1448521200818958.jpg 3000w, https:\/\/skarlen.se\/elit\/files\/2018\/03\/20180314_1448521200818958-300x169.jpg 300w, https:\/\/skarlen.se\/elit\/files\/2018\/03\/20180314_1448521200818958-768x432.jpg 768w, https:\/\/skarlen.se\/elit\/files\/2018\/03\/20180314_1448521200818958-1024x576.jpg 1024w, https:\/\/skarlen.se\/elit\/files\/2018\/03\/20180314_1448521200818958-1240x698.jpg 1240w, https:\/\/skarlen.se\/elit\/files\/2018\/03\/20180314_1448521200818958-508x286.jpg 508w\" sizes=\"(max-width: 3000px) 100vw, 3000px\" \/><\/p>\n<p><img loading=\"lazy\" decoding=\"async\" src=\"https:\/\/skarlen.se\/elit\/files\/2018\/03\/20180314_1453281209659565.jpg\" class=\"alignnone wp-image-82 size-full\" width=\"3000\" height=\"1688\" srcset=\"https:\/\/skarlen.se\/elit\/files\/2018\/03\/20180314_1453281209659565.jpg 3000w, https:\/\/skarlen.se\/elit\/files\/2018\/03\/20180314_1453281209659565-300x169.jpg 300w, https:\/\/skarlen.se\/elit\/files\/2018\/03\/20180314_1453281209659565-768x432.jpg 768w, https:\/\/skarlen.se\/elit\/files\/2018\/03\/20180314_1453281209659565-1024x576.jpg 1024w, https:\/\/skarlen.se\/elit\/files\/2018\/03\/20180314_1453281209659565-1240x698.jpg 1240w, https:\/\/skarlen.se\/elit\/files\/2018\/03\/20180314_1453281209659565-508x286.jpg 508w\" sizes=\"(max-width: 3000px) 100vw, 3000px\" \/><\/p>\n<p>Martin ska p\u00e5 Landslagssamling och jag ska p\u00e5 ett tr\u00e4ningsl\u00e4ger i \u00c5hus som krockade med samlingen med landslaget. Annars hade det vsrit f\u00f6rsta g\u00e5ngen som senior hehe stor pojk nu.<\/p>\n<p>H\u00e5ll \u00f6gon och \u00f6ron \u00f6ppna f\u00f6r nu k\u00f6r vi. Men tyv\u00e4rr st\u00e4lls premi\u00e4rt\u00e4vlingarna in s\u00e5 vi f\u00e5r hitta p\u00e5 n\u00e5gon annat n\u00e4sta helg.<\/p>\n<p>\/\/joakim<\/p>\n","protected":false},"excerpt":{"rendered":"<p>Vi g\u00f6r v\u00e5ra f\u00f6rberedelser s\u00e5 en service och byte av lite delar p\u00e5 martins cykel hoss grabbarna p\u00e5 cykelcenter i s\u00f6dert\u00e4lje. F\u00f6r mig var det till att l\u00e4mna in ramen f\u00f6r koll och d\u00e4r h\u00e4nder det roliga saker. Mer kul blir det d\u00e5 jag ska ner m\u00e5nga g\u00e5nger fram \u00f6ver. Bilderna nedan \u00e4r fr\u00e5n n\u00e4r [&hellip;]<\/p>\n","protected":false},"author":2,"featured_media":85,"comment_status":"open","ping_status":"open","sticky":false,"template":"","format":"standard","meta":{"jetpack_post_was_ever_published":false,"_jetpack_newsletter_access":"","_jetpack_dont_email_post_to_subs":false,"_jetpack_newsletter_tier_id":0,"_jetpack_memberships_contains_paywalled_content":false,"_jetpack_memberships_contains_paid_content":false,"footnotes":"","jetpack_publicize_message":"","jetpack_publicize_feature_enabled":true,"jetpack_social_post_already_shared":true,"jetpack_social_options":{"image_generator_settings":{"template":"highway","enabled":false}}},"categories":[1],"tags":[8,6,5],"jetpack_publicize_connections":[],"jetpack_featured_media_url":"https:\/\/skarlen.se\/elit\/files\/2018\/03\/20180314_161013.jpg","jetpack_sharing_enabled":true,"jetpack_shortlink":"https:\/\/wp.me\/p9EPYg-1o","_links":{"self":[{"href":"https:\/\/skarlen.se\/elit\/wp-json\/wp\/v2\/posts\/86"}],"collection":[{"href":"https:\/\/skarlen.se\/elit\/wp-json\/wp\/v2\/posts"}],"about":[{"href":"https:\/\/skarlen.se\/elit\/wp-json\/wp\/v2\/types\/post"}],"author":[{"embeddable":true,"href":"https:\/\/skarlen.se\/elit\/wp-json\/wp\/v2\/users\/2"}],"replies":[{"embeddable":true,"href":"https:\/\/skarlen.se\/elit\/wp-json\/wp\/v2\/comments?post=86"}],"version-history":[{"count":1,"href":"https:\/\/skarlen.se\/elit\/wp-json\/wp\/v2\/posts\/86\/revisions"}],"predecessor-version":[{"id":87,"href":"https:\/\/skarlen.se\/elit\/wp-json\/wp\/v2\/posts\/86\/revisions\/87"}],"wp:featuredmedia":[{"embeddable":true,"href":"https:\/\/skarlen.se\/elit\/wp-json\/wp\/v2\/media\/85"}],"wp:attachment":[{"href":"https:\/\/skarlen.se\/elit\/wp-json\/wp\/v2\/media?parent=86"}],"wp:term":[{"taxonomy":"category","embeddable":true,"href":"https:\/\/skarlen.se\/elit\/wp-json\/wp\/v2\/categories?post=86"},{"taxonomy":"post_tag","embeddable":true,"href":"https:\/\/skarlen.se\/elit\/wp-json\/wp\/v2\/tags?post=86"}],"curies":[{"name":"wp","href":"https:\/\/api.w.org\/{rel}","templated":true}]}}